{"id":3195,"date":"2025-11-30T21:55:32","date_gmt":"2025-11-30T19:55:32","guid":{"rendered":"https:\/\/gruene-lunge-am-guenthersburgpark.de\/?p=3195"},"modified":"2025-11-30T22:03:03","modified_gmt":"2025-11-30T20:03:03","slug":"am-2-12-geht-es-ausschuss-fuer-planen-wohnen-und-staedtebau-auch-um-die-zukunft-der-gruenen-lunge-top-10","status":"publish","type":"post","link":"https:\/\/gruene-lunge-am-guenthersburgpark.de\/?p=3195","title":{"rendered":"Am 2.12 geht es Ausschuss f\u00fcr Planen, Wohnen und St\u00e4dtebau auch um die Zukunft der Gr\u00fcnen Lunge (TOP 10)"},"content":{"rendered":"\n<p>N\u00e4heres hier: <a rel=\"noreferrer noopener\" aria-label=\"Click (\u00f6ffnet in neuem Tab)\" href=\"https:\/\/www.stvv.frankfurt.de\/PARLISLINK\/DDW?W=DOK_NAME=%27TO-A-PW%27\" target=\"_blank\">Click<\/a><br>Ort und Zeit:  17:00 Uhr, Rathaus-S\u00fcdbau, Bethmannstra\u00dfe 3, 3. Obergeschoss, Sitzungssaal 307 <\/p>\n\n\n\n<p>\u00dcber die Auseinandersetzung im Klimaausschuss berichtet die FR: <a rel=\"noreferrer noopener\" aria-label=\"Click (\u00f6ffnet in neuem Tab)\" href=\"https:\/\/www.fr.de\/frankfurt\/atemloses-ringen-um-die-gruene-lunge-in-frankfurt-94060788.html\" target=\"_blank\">Click<\/a><br>Und Kommentar dazu in der FR: <a href=\"https:\/\/www.fr.de\/frankfurt\/gruene-lunge-in-frankfurt-laut-und-deutlich-94060791.html\" target=\"_blank\" rel=\"noreferrer noopener\" aria-label=\"Click (\u00f6ffnet in neuem Tab)\">Click<\/a><\/p>\n","protected":false},"excerpt":{"rendered":"<p>N\u00e4heres hier: ClickOrt und Zeit: 17:00 Uhr, Rathaus-S\u00fcdbau, Bethmannstra\u00dfe 3, 3. Obergeschoss, Sitzungssaal 307 \u00dcber die Auseinandersetzung im Klimaausschuss berichtet die FR: ClickUnd Kommentar dazu in der FR: Click<\/p>\n","protected":false},"author":4,"featured_media":0,"comment_status":"closed","ping_status":"open","sticky":false,"template":"","format":"standard","meta":{"footnotes":""},"categories":[1],"tags":[],"class_list":["post-3195","post","type-post","status-publish","format-standard","hentry","category-allgemein"],"_links":{"self":[{"href":"https:\/\/gruene-lunge-am-guenthersburgpark.de\/index.php?rest_route=\/wp\/v2\/posts\/3195","targetHints":{"allow":["GET"]}}],"collection":[{"href":"https:\/\/gruene-lunge-am-guenthersburgpark.de\/index.php?rest_route=\/wp\/v2\/posts"}],"about":[{"href":"https:\/\/gruene-lunge-am-guenthersburgpark.de\/index.php?rest_route=\/wp\/v2\/types\/post"}],"author":[{"embeddable":true,"href":"https:\/\/gruene-lunge-am-guenthersburgpark.de\/index.php?rest_route=\/wp\/v2\/users\/4"}],"replies":[{"embeddable":true,"href":"https:\/\/gruene-lunge-am-guenthersburgpark.de\/index.php?rest_route=%2Fwp%2Fv2%2Fcomments&post=3195"}],"version-history":[{"count":4,"href":"https:\/\/gruene-lunge-am-guenthersburgpark.de\/index.php?rest_route=\/wp\/v2\/posts\/3195\/revisions"}],"predecessor-version":[{"id":3199,"href":"https:\/\/gruene-lunge-am-guenthersburgpark.de\/index.php?rest_route=\/wp\/v2\/posts\/3195\/revisions\/3199"}],"wp:attachment":[{"href":"https:\/\/gruene-lunge-am-guenthersburgpark.de\/index.php?rest_route=%2Fwp%2Fv2%2Fmedia&parent=3195"}],"wp:term":[{"taxonomy":"category","embeddable":true,"href":"https:\/\/gruene-lunge-am-guenthersburgpark.de\/index.php?rest_route=%2Fwp%2Fv2%2Fcategories&post=3195"},{"taxonomy":"post_tag","embeddable":true,"href":"https:\/\/gruene-lunge-am-guenthersburgpark.de\/index.php?rest_route=%2Fwp%2Fv2%2Ftags&post=3195"}],"curies":[{"name":"wp","href":"https:\/\/api.w.org\/{rel}","templated":true}]}}