{"id":3184,"date":"2025-11-04T19:20:26","date_gmt":"2025-11-04T17:20:26","guid":{"rendered":"https:\/\/gruene-lunge-am-guenthersburgpark.de\/?p=3184"},"modified":"2025-11-07T09:40:27","modified_gmt":"2025-11-07T07:40:27","slug":"der-ortsbeirat-3-fordert-die-stadtverordnetenversammlung-auf-einen-neuen-bebauungsplan-zum-schutz-der-gruenen-lunge-auzufertigen","status":"publish","type":"post","link":"https:\/\/gruene-lunge-am-guenthersburgpark.de\/?p=3184","title":{"rendered":"Der Ortsbeirat 3 fordert  die Stadtverordnetenversammlung auf , einen neuen Bebauungsplan zum Schutz der Gr\u00fcnen Lunge auzufertigen"},"content":{"rendered":"\n<p>Mit der knappen Mehrheit von Gr\u00fcnen und Linken (bei Enthaltung der SPD) beschloss der Ortsbeirat 3 (Nordend) der Vorlage  der Gr\u00fcnen zum Schutz des Gel\u00e4ndes (siehe unten) zuzustimmen.<\/p>\n\n\n\n<p><strong>Ausf\u00fchrlicher Bericht in der FR: <\/strong><a rel=\"noreferrer noopener\" aria-label=\"Click (\u00f6ffnet in neuem Tab)\" href=\"https:\/\/www.fr.de\/frankfurt\/nordend-ort904333\/ortsbeirat-fordert-schutz-fuer-gruene-lunge-bei-wohnungsbau-94019537.html\" target=\"_blank\"><strong>Click<\/strong><\/a><br><strong>und in der FNP: <\/strong><a rel=\"noreferrer noopener\" aria-label=\"Click (\u00f6ffnet in neuem Tab)\" href=\"https:\/\/www.fnp.de\/frankfurt\/gruene-lunge-streit-um-bebauung-versiegelter-flaechen-entflammt-94019921.html?utm_source=_shared&amp;utm_medium=west&amp;utm_campaign=interactionbar\" target=\"_blank\"><strong>Click<\/strong><\/a><\/p>\n","protected":false},"excerpt":{"rendered":"<p>Mit der knappen Mehrheit von Gr\u00fcnen und Linken (bei Enthaltung der SPD) beschloss der Ortsbeirat 3 (Nordend) der Vorlage der Gr\u00fcnen zum Schutz des Gel\u00e4ndes (siehe unten) zuzustimmen. Ausf\u00fchrlicher Bericht in der FR: Clickund in der FNP: Click<\/p>\n","protected":false},"author":4,"featured_media":0,"comment_status":"closed","ping_status":"open","sticky":false,"template":"","format":"standard","meta":{"footnotes":""},"categories":[1],"tags":[],"class_list":["post-3184","post","type-post","status-publish","format-standard","hentry","category-allgemein"],"_links":{"self":[{"href":"https:\/\/gruene-lunge-am-guenthersburgpark.de\/index.php?rest_route=\/wp\/v2\/posts\/3184","targetHints":{"allow":["GET"]}}],"collection":[{"href":"https:\/\/gruene-lunge-am-guenthersburgpark.de\/index.php?rest_route=\/wp\/v2\/posts"}],"about":[{"href":"https:\/\/gruene-lunge-am-guenthersburgpark.de\/index.php?rest_route=\/wp\/v2\/types\/post"}],"author":[{"embeddable":true,"href":"https:\/\/gruene-lunge-am-guenthersburgpark.de\/index.php?rest_route=\/wp\/v2\/users\/4"}],"replies":[{"embeddable":true,"href":"https:\/\/gruene-lunge-am-guenthersburgpark.de\/index.php?rest_route=%2Fwp%2Fv2%2Fcomments&post=3184"}],"version-history":[{"count":5,"href":"https:\/\/gruene-lunge-am-guenthersburgpark.de\/index.php?rest_route=\/wp\/v2\/posts\/3184\/revisions"}],"predecessor-version":[{"id":3189,"href":"https:\/\/gruene-lunge-am-guenthersburgpark.de\/index.php?rest_route=\/wp\/v2\/posts\/3184\/revisions\/3189"}],"wp:attachment":[{"href":"https:\/\/gruene-lunge-am-guenthersburgpark.de\/index.php?rest_route=%2Fwp%2Fv2%2Fmedia&parent=3184"}],"wp:term":[{"taxonomy":"category","embeddable":true,"href":"https:\/\/gruene-lunge-am-guenthersburgpark.de\/index.php?rest_route=%2Fwp%2Fv2%2Fcategories&post=3184"},{"taxonomy":"post_tag","embeddable":true,"href":"https:\/\/gruene-lunge-am-guenthersburgpark.de\/index.php?rest_route=%2Fwp%2Fv2%2Ftags&post=3184"}],"curies":[{"name":"wp","href":"https:\/\/api.w.org\/{rel}","templated":true}]}}